{"id":411,"date":"2014-05-12T10:00:17","date_gmt":"2014-05-12T08:00:17","guid":{"rendered":"http:\/\/www.audreyvast.fr\/wp\/?p=411"},"modified":"2014-05-12T10:00:17","modified_gmt":"2014-05-12T08:00:17","slug":"retour-en-arriere","status":"publish","type":"post","link":"https:\/\/www.audreyvast.fr\/wp\/2014\/05\/12\/retour-en-arriere\/","title":{"rendered":"Retour en arri\u00e8re"},"content":{"rendered":"<p>Nous faisons tellement de pages que toutes ne sont pas publi\u00e9es et aujourd&rsquo;hui , je vous pr\u00e9sente une page que j&rsquo;ai r\u00e9alis\u00e9 il y a plus d&rsquo;un an.<\/p>\n<p>C&rsquo;est le gabarit Rome-Tokyo qui a \u00e9t\u00e9 utilis\u00e9, associ\u00e9 aux figurines dentelles topiaires, ronds en bois.<\/p>\n<p>J&rsquo;ai encr\u00e9 une partie des \u00e9chelles pr\u00e9sentes sur le gabarit d\u00e9cor jardin.<\/p>\n<p>Les photos sont prises \u00e0 la bambouseraie d&rsquo;Anduze<\/p>\n<p>&nbsp;<\/p>\n<p><a href=\"http:\/\/www.audreyvast.fr\/wp\/wp-content\/uploads\/2014\/05\/2013-02-02_16-18-56.jpg\"><img loading=\"lazy\" class=\"aligncenter size-full wp-image-410\" alt=\"2013-02-02_16-18-56\" src=\"http:\/\/www.audreyvast.fr\/wp\/wp-content\/uploads\/2014\/05\/2013-02-02_16-18-56.jpg\" width=\"2557\" height=\"2557\" srcset=\"https:\/\/www.audreyvast.fr\/wp\/wp-content\/uploads\/2014\/05\/2013-02-02_16-18-56.jpg 2557w, https:\/\/www.audreyvast.fr\/wp\/wp-content\/uploads\/2014\/05\/2013-02-02_16-18-56-150x150.jpg 150w, https:\/\/www.audreyvast.fr\/wp\/wp-content\/uploads\/2014\/05\/2013-02-02_16-18-56-300x300.jpg 300w, https:\/\/www.audreyvast.fr\/wp\/wp-content\/uploads\/2014\/05\/2013-02-02_16-18-56-1024x1024.jpg 1024w, https:\/\/www.audreyvast.fr\/wp\/wp-content\/uploads\/2014\/05\/2013-02-02_16-18-56-600x600.jpg 600w, https:\/\/www.audreyvast.fr\/wp\/wp-content\/uploads\/2014\/05\/2013-02-02_16-18-56-50x50.jpg 50w, https:\/\/www.audreyvast.fr\/wp\/wp-content\/uploads\/2014\/05\/2013-02-02_16-18-56-432x432.jpg 432w, https:\/\/www.audreyvast.fr\/wp\/wp-content\/uploads\/2014\/05\/2013-02-02_16-18-56-268x268.jpg 268w, https:\/\/www.audreyvast.fr\/wp\/wp-content\/uploads\/2014\/05\/2013-02-02_16-18-56-700x700.jpg 700w\" sizes=\"(max-width: 2557px) 100vw, 2557px\" \/><\/a><\/p>\n","protected":false},"excerpt":{"rendered":"<p>Nous faisons tellement de pages que toutes ne sont pas publi\u00e9es et aujourd&rsquo;hui , je vous pr\u00e9sente une page que j&rsquo;ai r\u00e9alis\u00e9 il y a plus d&rsquo;un an. C&rsquo;est le gabarit Rome-Tokyo qui a \u00e9t\u00e9 utilis\u00e9, associ\u00e9 aux figurines dentelles topiaires, ronds en bois. J&rsquo;ai encr\u00e9 une partie des \u00e9chelles &#8230;<\/p>\n","protected":false},"author":2,"featured_media":410,"comment_status":"open","ping_status":"open","sticky":false,"template":"","format":"standard","meta":{"spay_email":"","jetpack_publicize_message":"","jetpack_is_tweetstorm":false},"categories":[4],"tags":[25],"jetpack_featured_media_url":"https:\/\/www.audreyvast.fr\/wp\/wp-content\/uploads\/2014\/05\/2013-02-02_16-18-56.jpg","jetpack_publicize_connections":[],"jetpack_sharing_enabled":true,"jetpack_shortlink":"https:\/\/wp.me\/p3Pzgp-6D","jetpack_likes_enabled":true,"_links":{"self":[{"href":"https:\/\/www.audreyvast.fr\/wp\/wp-json\/wp\/v2\/posts\/411"}],"collection":[{"href":"https:\/\/www.audreyvast.fr\/wp\/wp-json\/wp\/v2\/posts"}],"about":[{"href":"https:\/\/www.audreyvast.fr\/wp\/wp-json\/wp\/v2\/types\/post"}],"author":[{"embeddable":true,"href":"https:\/\/www.audreyvast.fr\/wp\/wp-json\/wp\/v2\/users\/2"}],"replies":[{"embeddable":true,"href":"https:\/\/www.audreyvast.fr\/wp\/wp-json\/wp\/v2\/comments?post=411"}],"version-history":[{"count":2,"href":"https:\/\/www.audreyvast.fr\/wp\/wp-json\/wp\/v2\/posts\/411\/revisions"}],"predecessor-version":[{"id":413,"href":"https:\/\/www.audreyvast.fr\/wp\/wp-json\/wp\/v2\/posts\/411\/revisions\/413"}],"wp:featuredmedia":[{"embeddable":true,"href":"https:\/\/www.audreyvast.fr\/wp\/wp-json\/wp\/v2\/media\/410"}],"wp:attachment":[{"href":"https:\/\/www.audreyvast.fr\/wp\/wp-json\/wp\/v2\/media?parent=411"}],"wp:term":[{"taxonomy":"category","embeddable":true,"href":"https:\/\/www.audreyvast.fr\/wp\/wp-json\/wp\/v2\/categories?post=411"},{"taxonomy":"post_tag","embeddable":true,"href":"https:\/\/www.audreyvast.fr\/wp\/wp-json\/wp\/v2\/tags?post=411"}],"curies":[{"name":"wp","href":"https:\/\/api.w.org\/{rel}","templated":true}]}}