{"id":1075,"date":"2016-10-23T08:31:25","date_gmt":"2016-10-23T06:31:25","guid":{"rendered":"http:\/\/www.audreyvast.fr\/wp\/?p=1075"},"modified":"2016-10-23T08:31:25","modified_gmt":"2016-10-23T06:31:25","slug":"cathedrale-de-strasbourg","status":"publish","type":"post","link":"https:\/\/www.audreyvast.fr\/wp\/2016\/10\/23\/cathedrale-de-strasbourg\/","title":{"rendered":"Cath\u00e9drale de Strasbourg"},"content":{"rendered":"<p>Une nouvelle r\u00e9alisation avec le gabarit \u00ab\u00a0Noisettes 2\u00a0\u00bb.<\/p>\n<p>Le feuillet accord\u00e9on \u00ab\u00a0Noisettes 2\u00a0\u00bb fait 8 centim\u00e8tres de large, donc il n&rsquo;est pas possible de mettre des\u00a0 gros plans, il faut bien s\u00e9lectionner ses photos et le tour est jou\u00e9.<\/p>\n<p>Pour cette page l\u00e0, j&rsquo;ai travaill\u00e9 avec des photos de l&rsquo;int\u00e9rieur de la cath\u00e9drale de Strasbourg.<\/p>\n<p>Page paille, feuillet accord\u00e9on beige, papier m\u00e9tallis\u00e9, papier imprim\u00e9 No\u00ebl kraft, tampon Mandala, ruban satin beige, encreur noir et posca extra fin noir.<\/p>\n<p><a href=\"http:\/\/www.audreyvast.fr\/wp\/wp-content\/uploads\/2016\/09\/IMG_4955.jpg\"><img loading=\"lazy\" class=\"aligncenter size-full wp-image-1052\" src=\"http:\/\/www.audreyvast.fr\/wp\/wp-content\/uploads\/2016\/09\/IMG_4955.jpg\" alt=\"img_4955\" width=\"1600\" height=\"1655\" srcset=\"https:\/\/www.audreyvast.fr\/wp\/wp-content\/uploads\/2016\/09\/IMG_4955.jpg 1600w, https:\/\/www.audreyvast.fr\/wp\/wp-content\/uploads\/2016\/09\/IMG_4955-290x300.jpg 290w, https:\/\/www.audreyvast.fr\/wp\/wp-content\/uploads\/2016\/09\/IMG_4955-768x794.jpg 768w, https:\/\/www.audreyvast.fr\/wp\/wp-content\/uploads\/2016\/09\/IMG_4955-990x1024.jpg 990w, https:\/\/www.audreyvast.fr\/wp\/wp-content\/uploads\/2016\/09\/IMG_4955-600x621.jpg 600w, https:\/\/www.audreyvast.fr\/wp\/wp-content\/uploads\/2016\/09\/IMG_4955-700x724.jpg 700w\" sizes=\"(max-width: 1600px) 100vw, 1600px\" \/><\/a> <a href=\"http:\/\/www.audreyvast.fr\/wp\/wp-content\/uploads\/2016\/09\/IMG_4956.jpg\"><img loading=\"lazy\" class=\"aligncenter size-full wp-image-1053\" src=\"http:\/\/www.audreyvast.fr\/wp\/wp-content\/uploads\/2016\/09\/IMG_4956.jpg\" alt=\"img_4956\" width=\"1600\" height=\"1189\" srcset=\"https:\/\/www.audreyvast.fr\/wp\/wp-content\/uploads\/2016\/09\/IMG_4956.jpg 1600w, https:\/\/www.audreyvast.fr\/wp\/wp-content\/uploads\/2016\/09\/IMG_4956-300x223.jpg 300w, https:\/\/www.audreyvast.fr\/wp\/wp-content\/uploads\/2016\/09\/IMG_4956-768x571.jpg 768w, https:\/\/www.audreyvast.fr\/wp\/wp-content\/uploads\/2016\/09\/IMG_4956-1024x761.jpg 1024w, https:\/\/www.audreyvast.fr\/wp\/wp-content\/uploads\/2016\/09\/IMG_4956-600x446.jpg 600w, https:\/\/www.audreyvast.fr\/wp\/wp-content\/uploads\/2016\/09\/IMG_4956-700x520.jpg 700w\" sizes=\"(max-width: 1600px) 100vw, 1600px\" \/><\/a> <a href=\"http:\/\/www.audreyvast.fr\/wp\/wp-content\/uploads\/2016\/09\/IMG_4957.jpg\"><img loading=\"lazy\" class=\"aligncenter size-full wp-image-1054\" src=\"http:\/\/www.audreyvast.fr\/wp\/wp-content\/uploads\/2016\/09\/IMG_4957.jpg\" alt=\"img_4957\" width=\"1600\" height=\"1163\" srcset=\"https:\/\/www.audreyvast.fr\/wp\/wp-content\/uploads\/2016\/09\/IMG_4957.jpg 1600w, https:\/\/www.audreyvast.fr\/wp\/wp-content\/uploads\/2016\/09\/IMG_4957-300x218.jpg 300w, https:\/\/www.audreyvast.fr\/wp\/wp-content\/uploads\/2016\/09\/IMG_4957-768x558.jpg 768w, https:\/\/www.audreyvast.fr\/wp\/wp-content\/uploads\/2016\/09\/IMG_4957-1024x744.jpg 1024w, https:\/\/www.audreyvast.fr\/wp\/wp-content\/uploads\/2016\/09\/IMG_4957-600x436.jpg 600w, https:\/\/www.audreyvast.fr\/wp\/wp-content\/uploads\/2016\/09\/IMG_4957-700x509.jpg 700w\" sizes=\"(max-width: 1600px) 100vw, 1600px\" \/><\/a><\/p>\n","protected":false},"excerpt":{"rendered":"<p>Une nouvelle r\u00e9alisation avec le gabarit \u00ab\u00a0Noisettes 2\u00a0\u00bb. Le feuillet accord\u00e9on \u00ab\u00a0Noisettes 2\u00a0\u00bb fait 8 centim\u00e8tres de large, donc il n&rsquo;est pas possible de mettre des\u00a0 gros plans, il faut bien s\u00e9lectionner ses photos et le tour est jou\u00e9. Pour cette page l\u00e0, j&rsquo;ai travaill\u00e9 avec des photos de l&rsquo;int\u00e9rieur &#8230;<\/p>\n","protected":false},"author":2,"featured_media":1052,"comment_status":"open","ping_status":"open","sticky":false,"template":"","format":"standard","meta":{"spay_email":"","jetpack_publicize_message":"","jetpack_is_tweetstorm":false},"categories":[1],"tags":[],"jetpack_featured_media_url":"https:\/\/www.audreyvast.fr\/wp\/wp-content\/uploads\/2016\/09\/IMG_4955.jpg","jetpack_publicize_connections":[],"jetpack_sharing_enabled":true,"jetpack_shortlink":"https:\/\/wp.me\/p3Pzgp-hl","jetpack_likes_enabled":true,"_links":{"self":[{"href":"https:\/\/www.audreyvast.fr\/wp\/wp-json\/wp\/v2\/posts\/1075"}],"collection":[{"href":"https:\/\/www.audreyvast.fr\/wp\/wp-json\/wp\/v2\/posts"}],"about":[{"href":"https:\/\/www.audreyvast.fr\/wp\/wp-json\/wp\/v2\/types\/post"}],"author":[{"embeddable":true,"href":"https:\/\/www.audreyvast.fr\/wp\/wp-json\/wp\/v2\/users\/2"}],"replies":[{"embeddable":true,"href":"https:\/\/www.audreyvast.fr\/wp\/wp-json\/wp\/v2\/comments?post=1075"}],"version-history":[{"count":1,"href":"https:\/\/www.audreyvast.fr\/wp\/wp-json\/wp\/v2\/posts\/1075\/revisions"}],"predecessor-version":[{"id":1076,"href":"https:\/\/www.audreyvast.fr\/wp\/wp-json\/wp\/v2\/posts\/1075\/revisions\/1076"}],"wp:featuredmedia":[{"embeddable":true,"href":"https:\/\/www.audreyvast.fr\/wp\/wp-json\/wp\/v2\/media\/1052"}],"wp:attachment":[{"href":"https:\/\/www.audreyvast.fr\/wp\/wp-json\/wp\/v2\/media?parent=1075"}],"wp:term":[{"taxonomy":"category","embeddable":true,"href":"https:\/\/www.audreyvast.fr\/wp\/wp-json\/wp\/v2\/categories?post=1075"},{"taxonomy":"post_tag","embeddable":true,"href":"https:\/\/www.audreyvast.fr\/wp\/wp-json\/wp\/v2\/tags?post=1075"}],"curies":[{"name":"wp","href":"https:\/\/api.w.org\/{rel}","templated":true}]}}